{"id":47,"date":"2012-12-30T15:09:38","date_gmt":"2012-12-30T13:09:38","guid":{"rendered":"http:\/\/klippel.fi\/talo\/?p=47"},"modified":"2015-09-01T21:40:09","modified_gmt":"2015-09-01T18:40:09","slug":"huoneisto-1","status":"publish","type":"post","link":"https:\/\/klippel.fi\/talo\/huoneisto-1\/","title":{"rendered":"Asunto 4"},"content":{"rendered":"<p>Nelosasunnon lattiat purettuna ja odottamassa eristeiden rahtaamista pihalle kes\u00e4ll\u00e4 2013. Lattialaudat ovat kuvassa valkoisessa huurussa ja j\u00e4\u00e4tyneen rapeina murtuivat helposti purkaessa.<\/p>\n<p><a href=\"https:\/\/klippel.fi\/talo\/huoneisto-1\/hirsiseinia-003-300x225\/\" rel=\"attachment wp-att-887\"><img loading=\"lazy\" decoding=\"async\" class=\"alignnone size-full wp-image-887\" src=\"https:\/\/klippel.fi\/talo\/wp_talo\/wp-content\/uploads\/2012\/12\/hirsiseini\u00e4-003-300x225.jpg\" alt=\"hirsiseini\u00e4-003-300x225\" width=\"300\" height=\"225\" \/><\/a><img loading=\"lazy\" decoding=\"async\" class=\"wp-image-136 alignnone\" src=\"https:\/\/klippel.fi\/talo\/wp_talo\/wp-content\/uploads\/2012\/12\/keitti\u00f6nv\u00e4lisein\u00e4.jpg\" alt=\"keitti\u00f6nv\u00e4lisein\u00e4\" width=\"244\" height=\"186\" \/><a href=\"https:\/\/klippel.fi\/talo\/huoneisto-1\/as4keittiosta-olohuoneeseenkylppariin-300x225\/\" rel=\"attachment wp-att-890\"><img loading=\"lazy\" decoding=\"async\" class=\"alignnone size-full wp-image-890\" src=\"https:\/\/klippel.fi\/talo\/wp_talo\/wp-content\/uploads\/2012\/12\/as4keitti\u00f6st\u00e4-olohuoneeseenkylpp\u00e4riin-300x225.jpg\" alt=\"as4keitti\u00f6st\u00e4-olohuoneeseenkylpp\u00e4riin-300x225\" width=\"300\" height=\"225\" \/><\/a><img loading=\"lazy\" decoding=\"async\" class=\"alignnone wp-image-745\" src=\"https:\/\/klippel.fi\/talo\/wp_talo\/wp-content\/uploads\/2014\/11\/Kuva0931.jpg\" alt=\"Kuva0931\" width=\"155\" height=\"204\" \/><\/p>\n<p><img loading=\"lazy\" decoding=\"async\" class=\"alignnone wp-image-116\" src=\"https:\/\/klippel.fi\/talo\/wp_talo\/wp-content\/uploads\/2012\/12\/valkeatlattiat530x631.jpg\" alt=\"valkeatlattiat530x631\" width=\"280\" height=\"330\" \/><\/p>\n","protected":false},"excerpt":{"rendered":"<p>Nelosasunnon lattiat purettuna ja odottamassa eristeiden rahtaamista pihalle kes\u00e4ll\u00e4 2013. Lattialaudat ovat kuvassa valkoisessa huurussa ja j\u00e4\u00e4tyneen rapeina murtuivat helposti purkaessa.<\/p>\n","protected":false},"author":1,"featured_media":0,"comment_status":"open","ping_status":"open","sticky":false,"template":"","format":"standard","meta":{"footnotes":""},"categories":[9],"tags":[],"class_list":["post-47","post","type-post","status-publish","format-standard","hentry","category-asunto-4"],"_links":{"self":[{"href":"https:\/\/klippel.fi\/talo\/wp-json\/wp\/v2\/posts\/47","targetHints":{"allow":["GET"]}}],"collection":[{"href":"https:\/\/klippel.fi\/talo\/wp-json\/wp\/v2\/posts"}],"about":[{"href":"https:\/\/klippel.fi\/talo\/wp-json\/wp\/v2\/types\/post"}],"author":[{"embeddable":true,"href":"https:\/\/klippel.fi\/talo\/wp-json\/wp\/v2\/users\/1"}],"replies":[{"embeddable":true,"href":"https:\/\/klippel.fi\/talo\/wp-json\/wp\/v2\/comments?post=47"}],"version-history":[{"count":0,"href":"https:\/\/klippel.fi\/talo\/wp-json\/wp\/v2\/posts\/47\/revisions"}],"wp:attachment":[{"href":"https:\/\/klippel.fi\/talo\/wp-json\/wp\/v2\/media?parent=47"}],"wp:term":[{"taxonomy":"category","embeddable":true,"href":"https:\/\/klippel.fi\/talo\/wp-json\/wp\/v2\/categories?post=47"},{"taxonomy":"post_tag","embeddable":true,"href":"https:\/\/klippel.fi\/talo\/wp-json\/wp\/v2\/tags?post=47"}],"curies":[{"name":"wp","href":"https:\/\/api.w.org\/{rel}","templated":true}]}}